{"id":40655,"date":"2025-04-15T17:05:43","date_gmt":"2025-04-15T16:05:43","guid":{"rendered":"https:\/\/www.travelodge.co.uk\/blog\/?p=40655"},"modified":"2025-04-15T17:05:43","modified_gmt":"2025-04-15T16:05:43","slug":"summer-events","status":"publish","type":"post","link":"https:\/\/www.travelodge.co.uk\/blog\/destination-guides\/spain\/summer-events\/","title":{"rendered":"Summer in Spain: Your guide to Spain&#8217;s sizzling summer events!"},"content":{"rendered":"<h2 style=\"text-align: center;\" data-sourcepos=\"15:1-15:313\">Alright sunshine seekers and fiesta fanatics! Get ready to crank up the heat because <a href=\"https:\/\/www.travelodge.co.uk\/about\/locations\/spain-hotels\/\" data-wpel-link=\"external\" rel=\"external noopener noreferrer\" class=\"wpel-icon-right\">Spain<span class=\"wpel-icon wpel-image wpel-icon-6\"><\/span><\/a> is officially turning up the summer vibes and guess what? Your favourite Spanish cities are about to explode with a sizzling lineup of events you absolutely cannot miss.<\/h2>\n<h4 style=\"text-align: center;\" data-sourcepos=\"15:1-15:313\">Forget those lazy beach days (just for a bit!) because we&#8217;re diving headfirst into a whirlwind of music, culture, fireworks and good old-fashioned Spanish fun. So grab your sunglasses, maybe practice a little flamenco in the mirror, and get ready to mark your calendars because this summer in Spain is shaping up to be an absolute cracker! Let&#8217;s dive into the awesome adventures awaiting you! \ud83c\udf1e<\/h4>\n<hr \/>\n<h3><\/h3>\n<h3 style=\"text-align: center;\"><b><\/b><strong><a href=\"https:\/\/www.instagram.com\/pridebarcelona\/?hl=en\" data-wpel-link=\"external\" rel=\"external noopener noreferrer\" class=\"wpel-icon-right\">Pride Barcelona<span class=\"wpel-icon wpel-image wpel-icon-6\"><\/span><\/a><\/strong><\/h3>\n<h5 style=\"text-align: center;\"><span style=\"font-weight: 400;\">28th June &#8211; 20th July 2025<\/span><\/h5>\n<h4 style=\"text-align: center;\"><img loading=\"lazy\" decoding=\"async\" class=\"aligncenter wp-image-39629 size-full\" src=\"https:\/\/travelodgeblog.wpengine.com\/wp-content\/uploads\/2023\/06\/pride-barcelona.jpg\" alt=\"Pride Barcelona\" width=\"598\" height=\"422\" srcset=\"https:\/\/travelodgeblog.wpengine.com\/wp-content\/uploads\/2023\/06\/pride-barcelona.jpg 598w, https:\/\/travelodgeblog.wpengine.com\/wp-content\/uploads\/2023\/06\/pride-barcelona-250x176.jpg 250w, https:\/\/travelodgeblog.wpengine.com\/wp-content\/uploads\/2023\/06\/pride-barcelona-120x85.jpg 120w, https:\/\/travelodgeblog.wpengine.com\/wp-content\/uploads\/2023\/06\/pride-barcelona-480x339.jpg 480w\" sizes=\"auto, (max-width: 598px) 100vw, 598px\" \/>Barcelona in the summer isn&#8217;t just about music and beaches; it&#8217;s also a time when the city truly shines with vibrant inclusivity and the Barcelona Pride celebrations are a fantastic example of this. Prepare to be swept up in a wave of colour, joy and solidarity as the city comes together to celebrate LGBTQ+ pride.<\/h4>\n<h4 style=\"text-align: center;\">Whether you&#8217;re looking to dance the day (and night!) away in a sea of rainbow flags, connect with the local community or simply soak in the atmosphere of celebration, Barcelona Pride is an absolute must-visit during your summer trip.<\/h4>\n<h4 style=\"text-align: center;\">Stay nearby<\/h4>\n<div class=\"sdstaynearby\">\n<div class=\"sdcol2\"><a href=\"https:\/\/travelodge.es\/travelodge-barcelona-destiny\/travelodge-barcelona-fira-hotel\/?lang=en\" target=\"_blank\" rel=\"noopener noreferrer external\" data-wpel-link=\"external\"><br \/>\n<img decoding=\"async\" style=\"border-radius: 10px;\" src=\"https:\/\/media.travelodge.co.uk\/image\/upload\/v1675260555\/ecrm\/hotels-digi\/ES2012.jpg\" \/><br \/>\n<\/a><\/div>\n<div class=\"sdcol2 sdlast\" style=\"padding-bottom: 20px;\"><a href=\"https:\/\/travelodge.es\/travelodge-barcelona-destiny\/travelodge-barcelona-cornella-fira-hotel\/?lang=en\" target=\" rel=\" rel=\"noopener external noreferrer\" data-wpel-link=\"external\"><br \/>\n<img decoding=\"async\" style=\"border-radius: 10px;\" src=\"https:\/\/media.travelodge.co.uk\/image\/upload\/v1675260555\/ecrm\/hotels-digi\/ES2019.jpg\" \/><br \/>\n<\/a><\/div>\n<\/div>\n<div style=\"text-align: center;\"><a class=\"btn btn-blue wpel-icon-right\" href=\"https:\/\/travelodge.es\/travelodge-alicante-destiny\/?lang=en\" data-wpel-link=\"external\" rel=\"external noopener noreferrer\">Search deals<span class=\"wpel-icon wpel-image wpel-icon-6\"><\/span><\/a><\/div>\n<div><\/div>\n<hr \/>\n<h3 data-sourcepos=\"15:1-15:313\"><\/h3>\n<h3 style=\"text-align: center;\" data-sourcepos=\"15:1-15:313\"><strong><a href=\"https:\/\/www.spanish-fiestas.com\/festivals\/hogueras-de-san-juan\/\" target=\"_blank\" rel=\"noopener external noreferrer\" data-wpel-link=\"external\" class=\"wpel-icon-right\">Hogueras de San Juan festival<span class=\"wpel-icon wpel-image wpel-icon-6\"><\/span><\/a><\/strong><\/h3>\n<h5 style=\"text-align: center;\"><span style=\"font-weight: 400;\">20th &#8211; 29th June 2025<\/span><\/h5>\n<h4 style=\"text-align: center;\" data-sourcepos=\"15:1-15:313\"><img loading=\"lazy\" decoding=\"async\" width=\"598\" height=\"422\" class=\"size-full wp-image-39672 aligncenter\" src=\"https:\/\/travelodgeblog.wpengine.com\/wp-content\/uploads\/2024\/06\/Hogueras-de-San-Juan-festival.jpg\" alt=\"Hogueras de San Juan festival\" srcset=\"https:\/\/travelodgeblog.wpengine.com\/wp-content\/uploads\/2024\/06\/Hogueras-de-San-Juan-festival.jpg 598w, https:\/\/travelodgeblog.wpengine.com\/wp-content\/uploads\/2024\/06\/Hogueras-de-San-Juan-festival-250x176.jpg 250w, https:\/\/travelodgeblog.wpengine.com\/wp-content\/uploads\/2024\/06\/Hogueras-de-San-Juan-festival-120x85.jpg 120w, https:\/\/travelodgeblog.wpengine.com\/wp-content\/uploads\/2024\/06\/Hogueras-de-San-Juan-festival-480x339.jpg 480w\" sizes=\"auto, (max-width: 598px) 100vw, 598px\" \/>Experience the vibrant spirit of San Juan!<\/h4>\n<h4 style=\"text-align: center;\" data-sourcepos=\"15:1-15:313\">From June 20th to 29th, the Alicante region explodes with the spectacular &#8216;Las Hogueras de San Juan&#8217;. Witness the impressive papier-m\u00e2ch\u00e9 figures go up in flames on the 24th after a stunning firework display from Alicante Castle. Enjoy days filled with lively tents, music and dancing, plus daily deafening firework shows. Even after the main event, the festivities continue with beachside fireworks and city centre entertainment until the 29th. Don&#8217;t miss this unforgettable celebration!<\/h4>\n<h4 style=\"text-align: center;\">Stay nearby<\/h4>\n<div class=\"sdstaynearby\">\n<div class=\"sdcol2\"><a href=\"www.travelodge.es\/travelodge-alicante-destiny\/travelodge-alicante-puerto-hotel\/?lang=en\" target=\"_blank\" rel=\"noopener noreferrer\" data-wpel-link=\"internal\"><br \/>\n<img decoding=\"async\" style=\"border-radius: 10px;\" src=\"https:\/\/media.travelodge.co.uk\/image\/upload\/v1675260555\/ecrm\/hotels-digi\/ES2017.jpg\" \/><br \/>\n<\/a><\/div>\n<div class=\"sdcol2 sdlast\" style=\"padding-bottom: 20px;\"><a href=\"www.travelodge.es\/travelodge-murcia-destiny\/hotel-travelodge-murcia\/?lang=en\" target=\" rel=\" rel=\"noopener\" data-wpel-link=\"internal\"><br \/>\n<img decoding=\"async\" style=\"border-radius: 10px;\" src=\"https:\/\/media.travelodge.co.uk\/image\/upload\/v1675260555\/ecrm\/hotels-digi\/ES2022.jpg\" \/><br \/>\n<\/a><\/div>\n<\/div>\n<div style=\"text-align: center;\"><a class=\"btn btn-blue wpel-icon-right\" href=\"https:\/\/travelodge.es\/travelodge-alicante-destiny\/?lang=en\" data-wpel-link=\"external\" rel=\"external noopener noreferrer\">Search deals<span class=\"wpel-icon wpel-image wpel-icon-6\"><\/span><\/a><\/div>\n<div><\/div>\n<hr \/>\n<h3><\/h3>\n<h3 style=\"text-align: center;\"><strong><a href=\"https:\/\/www.primaverasound.com\/en\/barcelona\" target=\"_blank\" rel=\"noopener external noreferrer\" data-wpel-link=\"external\" class=\"wpel-icon-right\">Primavera Sound Barcelona<span class=\"wpel-icon wpel-image wpel-icon-6\"><\/span><\/a>\u00a0<\/strong><\/h3>\n<h5 style=\"text-align: center;\"><span style=\"font-weight: 400;\">4th &#8211; 8th June 2025<\/span><\/h5>\n<h4 style=\"text-align: center;\"><img loading=\"lazy\" decoding=\"async\" class=\"aligncenter wp-image-40554 size-full\" src=\"https:\/\/travelodgeblog.wpengine.com\/wp-content\/uploads\/2014\/03\/Primavera-sound-barcelona.jpg\" alt=\"Primavera Sound Barcelona\" width=\"598\" height=\"422\" srcset=\"https:\/\/travelodgeblog.wpengine.com\/wp-content\/uploads\/2014\/03\/Primavera-sound-barcelona.jpg 598w, https:\/\/travelodgeblog.wpengine.com\/wp-content\/uploads\/2014\/03\/Primavera-sound-barcelona-250x176.jpg 250w, https:\/\/travelodgeblog.wpengine.com\/wp-content\/uploads\/2014\/03\/Primavera-sound-barcelona-120x85.jpg 120w, https:\/\/travelodgeblog.wpengine.com\/wp-content\/uploads\/2014\/03\/Primavera-sound-barcelona-480x339.jpg 480w\" sizes=\"auto, (max-width: 598px) 100vw, 598px\" \/>If you&#8217;re looking for a festival with a rich and diverse line-up of genres, Primavera Sound Barcelona is your summer playground! This music festival throws a serious party with a genre mix that&#8217;ll have everyone dancing. We&#8217;re talking pop, hip-hop, indie rock, alternative and electronic\u00a0 \u2013 you name it, they&#8217;ve got it.<\/h4>\n<h4 style=\"text-align: center;\">The Primavera Sound Barcelona line-up for 2025 features pop icons like Charli xcx, Troye Sivan, Sabrina Carpenter and Chappell Roan, as well as electronic legends like ANOTR, Jamie XX and Confidence Man. But the core of this music festival is discovering hidden musical treasures and its spotlight on up-and-coming artists from Spain and all over the world.<\/h4>\n<h4 style=\"text-align: center;\">Stay nearby<\/h4>\n<div class=\"sdstaynearby\">\n<div class=\"sdcol2\"><a href=\"https:\/\/travelodge.es\/travelodge-barcelona-destiny\/travelodge-barcelona-poblenou-hotel\/?lang=en\" target=\"_blank\" rel=\"noopener noreferrer external\" data-wpel-link=\"external\"><br \/>\n<img decoding=\"async\" style=\"border-radius: 10px;\" src=\"https:\/\/media.travelodge.co.uk\/image\/upload\/v1675260555\/ecrm\/hotels-digi\/ES2014.jpg\" \/><br \/>\n<\/a><\/div>\n<div class=\"sdcol2 sdlast\" style=\"padding-bottom: 20px;\"><a href=\"https:\/\/travelodge.es\/travelodge-barcelona-destiny\/travelodge-barcelona-del-valles-hotel\/?lang=en\" target=\" rel=\" rel=\"noopener external noreferrer\" data-wpel-link=\"external\"><br \/>\n<img decoding=\"async\" style=\"border-radius: 10px;\" src=\"https:\/\/media.travelodge.co.uk\/image\/upload\/v1675260555\/ecrm\/hotels-digi\/ES2018.jpg\" \/><br \/>\n<\/a><\/div>\n<\/div>\n<div style=\"text-align: center;\"><a class=\"btn btn-blue wpel-icon-right\" href=\"https:\/\/travelodge.es\/travelodge-alicante-destiny\/?lang=en\" data-wpel-link=\"external\" rel=\"external noopener noreferrer\">Search deals<span class=\"wpel-icon wpel-image wpel-icon-6\"><\/span><\/a><\/div>\n<div><\/div>\n<hr \/>\n<h3><\/h3>\n<h3 style=\"text-align: center;\"><strong><a href=\"https:\/\/phe.es\/seccion-oficial\/\" target=\"_blank\" rel=\"noopener external noreferrer\" data-wpel-link=\"external\" class=\"wpel-icon-right\">PHotoESPA\u00d1A 2025<span class=\"wpel-icon wpel-image wpel-icon-6\"><\/span><\/a><\/strong><\/h3>\n<h5 style=\"text-align: center;\"><span style=\"font-weight: 400;\">30th April &#8211; 14th September 2025<\/span><\/h5>\n<h4 style=\"text-align: center;\"><img loading=\"lazy\" decoding=\"async\" width=\"598\" height=\"422\" class=\"size-full wp-image-40669 aligncenter\" src=\"https:\/\/travelodgeblog.wpengine.com\/wp-content\/uploads\/2025\/04\/Madrid-Museo-del-Prado.jpg\" alt=\"Madrid Museo del Prado\" srcset=\"https:\/\/travelodgeblog.wpengine.com\/wp-content\/uploads\/2025\/04\/Madrid-Museo-del-Prado.jpg 598w, https:\/\/travelodgeblog.wpengine.com\/wp-content\/uploads\/2025\/04\/Madrid-Museo-del-Prado-250x176.jpg 250w, https:\/\/travelodgeblog.wpengine.com\/wp-content\/uploads\/2025\/04\/Madrid-Museo-del-Prado-120x85.jpg 120w, https:\/\/travelodgeblog.wpengine.com\/wp-content\/uploads\/2025\/04\/Madrid-Museo-del-Prado-480x339.jpg 480w\" sizes=\"auto, (max-width: 598px) 100vw, 598px\" \/>Don&#8217;t miss the chance to immerse yourself in the captivating world of visual arts and photography this summer!<\/h4>\n<h4 style=\"text-align: center;\">From April 30th to September 14th, Spain will host the prestigious PHotoESPA\u00d1A 2025, showcasing the latest trends and projects from 360 internationally renowned photographers and visual artists across 103 exhibitions. Explore the 28th edition&#8217;s theme, &#8216;After Everything&#8217;, delve into the photographic legacy of Helga de Alvear, discover the special focus on Chile as the inaugural Guest Country and encounter the works of legendary and contemporary masters. With events spanning major museums, galleries and even new alternative spaces in Madrid, PHotoESPA\u00d1A promises an unforgettable journey through diverse periods, styles, and the powerful role of the image.<\/h4>\n<h4 style=\"text-align: center;\">Stay nearby<\/h4>\n<div class=\"sdstaynearby\">\n<div class=\"sdcol2\"><a href=\"https:\/\/travelodge.es\/travelodge-madrid-destiny\/hotel-travelodge-madrid-alcala-de-henares\/?lang=en\" target=\"_blank\" rel=\"noopener noreferrer external\" data-wpel-link=\"external\"><br \/>\n<img decoding=\"async\" style=\"border-radius: 10px;\" src=\"https:\/\/media.travelodge.co.uk\/image\/upload\/v1675260555\/ecrm\/hotels-digi\/ES2020.jpg\" \/><br \/>\n<\/a><\/div>\n<div class=\"sdcol2 sdlast\" style=\"padding-bottom: 20px;\"><a href=\"https:\/\/travelodge.es\/travelodge-madrid-destiny\/travelodge-madrid-coslada-airport\/?lang=en\" target=\"_blank\" rel=\"noopener noreferrer external\" data-wpel-link=\"external\"><br \/>\n<img decoding=\"async\" style=\"border-radius: 10px;\" src=\"https:\/\/media.travelodge.co.uk\/image\/upload\/v1675260555\/ecrm\/hotels-digi\/ES2016.jpg\" \/><br \/>\n<\/a><\/div>\n<\/div>\n<div style=\"text-align: center;\"><a class=\"btn btn-blue wpel-icon-right\" href=\"https:\/\/travelodge.es\/travelodge-madrid-destiny\/?lang=en\" target=\"_blank\" rel=\"noopener external noreferrer\" data-wpel-link=\"external\">Search deals<span class=\"wpel-icon wpel-image wpel-icon-6\"><\/span><\/a><\/div>\n<hr \/>\n<h3><\/h3>\n<h3 style=\"text-align: center;\"><a href=\"https:\/\/www.esmadrid.com\/en\/whats-on\/veranos-de-la-villa\" target=\"_blank\" rel=\"noopener external noreferrer\" data-wpel-link=\"external\" class=\"wpel-icon-right\"><strong>Veranos de la Villa<\/strong><span class=\"wpel-icon wpel-image wpel-icon-6\"><\/span><\/a><\/h3>\n<h4 style=\"text-align: center;\"><img loading=\"lazy\" decoding=\"async\" width=\"598\" height=\"422\" class=\"size-full wp-image-40657 aligncenter\" src=\"https:\/\/travelodgeblog.wpengine.com\/wp-content\/uploads\/2025\/04\/Veranos-de-la-Villa-Festival.jpg\" alt=\"Veranos de la Villa Festival\" srcset=\"https:\/\/travelodgeblog.wpengine.com\/wp-content\/uploads\/2025\/04\/Veranos-de-la-Villa-Festival.jpg 598w, https:\/\/travelodgeblog.wpengine.com\/wp-content\/uploads\/2025\/04\/Veranos-de-la-Villa-Festival-250x176.jpg 250w, https:\/\/travelodgeblog.wpengine.com\/wp-content\/uploads\/2025\/04\/Veranos-de-la-Villa-Festival-120x85.jpg 120w, https:\/\/travelodgeblog.wpengine.com\/wp-content\/uploads\/2025\/04\/Veranos-de-la-Villa-Festival-480x339.jpg 480w\" sizes=\"auto, (max-width: 598px) 100vw, 598px\" \/>Get ready for a cultural explosion! This massive summer festival takes over the city with open-air concerts, theatre performances, dance shows and even cinema under the stars. Imagine catching a flamenco performance in a beautiful park as the sun sets \u2013 pure magic! Keep an eye out for the program announcements, usually around late spring, for the full lineup and dates. You can expect events to happen throughout July and August.<\/h4>\n<h4 style=\"text-align: center;\">Stay nearby<\/h4>\n<div class=\"sdstaynearby\">\n<div class=\"sdcol2\"><a href=\"www.travelodge.es\/travelodge-alicante-destiny\/travelodge-alicante-puerto-hotel\/?lang=en\" target=\"_blank\" rel=\"noopener noreferrer\" data-wpel-link=\"internal\"><br \/>\n<img decoding=\"async\" style=\"border-radius: 10px;\" src=\"https:\/\/media.travelodge.co.uk\/image\/upload\/v1675260555\/ecrm\/hotels-digi\/ES2017.jpg\" \/><br \/>\n<\/a><\/div>\n<div class=\"sdcol2 sdlast\" style=\"padding-bottom: 20px;\"><a href=\"www.travelodge.es\/travelodge-murcia-destiny\/hotel-travelodge-murcia\/?lang=en\" target=\" rel=\" rel=\"noopener\" data-wpel-link=\"internal\"><br \/>\n<img decoding=\"async\" style=\"border-radius: 10px;\" src=\"https:\/\/media.travelodge.co.uk\/image\/upload\/v1675260555\/ecrm\/hotels-digi\/ES2022.jpg\" \/><br \/>\n<\/a><\/div>\n<\/div>\n<div style=\"text-align: center;\"><a class=\"btn btn-blue wpel-icon-right\" href=\"https:\/\/travelodge.es\/travelodge-alicante-destiny\/?lang=en\" data-wpel-link=\"external\" rel=\"external noopener noreferrer\">Search deals<span class=\"wpel-icon wpel-image wpel-icon-6\"><\/span><\/a><\/div>\n<div><\/div>\n<hr \/>\n<h3><\/h3>\n<h3 style=\"text-align: center;\"><strong><a href=\"https:\/\/madrid.friendstheexperience.com\/the-experience\/\" target=\"_blank\" rel=\"noopener external noreferrer\" data-wpel-link=\"external\" class=\"wpel-icon-right\">The FRIENDS\u2122 Experience<span class=\"wpel-icon wpel-image wpel-icon-6\"><\/span><\/a><\/strong><\/h3>\n<h5 style=\"text-align: center;\"><span style=\"font-weight: 400;\">17th March &#8211; 29th June 2025<\/span><\/h5>\n<h4 style=\"text-align: center;\"><img loading=\"lazy\" decoding=\"async\" class=\"aligncenter wp-image-37248 size-full\" src=\"https:\/\/travelodgeblog.wpengine.com\/wp-content\/uploads\/2023\/05\/The-Friends-Experience.jpg\" alt=\"Things to do in London - The Friends Experience\" width=\"598\" height=\"422\" srcset=\"https:\/\/travelodgeblog.wpengine.com\/wp-content\/uploads\/2023\/05\/The-Friends-Experience.jpg 598w, https:\/\/travelodgeblog.wpengine.com\/wp-content\/uploads\/2023\/05\/The-Friends-Experience-250x176.jpg 250w, https:\/\/travelodgeblog.wpengine.com\/wp-content\/uploads\/2023\/05\/The-Friends-Experience-120x85.jpg 120w, https:\/\/travelodgeblog.wpengine.com\/wp-content\/uploads\/2023\/05\/The-Friends-Experience-480x339.jpg 480w\" sizes=\"auto, (max-width: 598px) 100vw, 598px\" \/>Could we BE any more excited? The FRIENDS\u2122 Experience has finally come to Madrid and it&#8217;s the perfect chance to relive all your favourite moments from the show. Imagine sipping coffee in Central Perk, lounging on Monica and Chandler&#8217;s couch, or reenacting Ross&#8217;s epic pivot routine. It&#8217;ll be like stepping right into the show itself. So grab your best buds and get ready for a nostalgic adventure \u2013 you won&#8217;t wanna miss it!<\/h4>\n<h4 style=\"text-align: center;\">Stay nearby<\/h4>\n<div class=\"sdstaynearby\">\n<div class=\"sdcol2\"><a href=\"https:\/\/travelodge.es\/travelodge-madrid-destiny\/travelodge-madrid-torrelaguna-hotel\/?lang=en\" target=\"_blank\" rel=\"noopener noreferrer external\" data-wpel-link=\"external\"><br \/>\n<img decoding=\"async\" style=\"border-radius: 10px;\" src=\"https:\/\/media.travelodge.co.uk\/image\/upload\/v1675260555\/ecrm\/hotels-digi\/ES2011.jpg\" \/><br \/>\n<\/a><\/div>\n<div class=\"sdcol2 sdlast\" style=\"padding-bottom: 20px;\"><a href=\"https:\/\/travelodge.es\/travelodge-madrid-destiny\/travelodge-madrid-metropolitano-hotel\/?lang=en\" target=\"_blank\" rel=\"noopener noreferrer external\" data-wpel-link=\"external\"><br \/>\n<img decoding=\"async\" style=\"border-radius: 10px;\" src=\"https:\/\/media.travelodge.co.uk\/image\/upload\/v1675260555\/ecrm\/hotels-digi\/ES2015.jpg\" \/><br \/>\n<\/a><\/div>\n<\/div>\n<div style=\"text-align: center;\"><a class=\"btn btn-blue wpel-icon-right\" href=\"https:\/\/travelodge.es\/travelodge-madrid-destiny\/?lang=en\" target=\"_blank\" rel=\"noopener external noreferrer\" data-wpel-link=\"external\">Search deals<span class=\"wpel-icon wpel-image wpel-icon-6\"><\/span><\/a><\/div>\n<hr \/>\n<h3><\/h3>\n<h3 style=\"text-align: center;\"><strong><a href=\"https:\/\/www.barcelona-metropolitan.com\/events\/casa-batllo-magic-nights\/?occ_dtstart=2025-03-21T00:00\" data-wpel-link=\"external\" rel=\"external noopener noreferrer\" class=\"wpel-icon-right\">Casa Batll\u00f3 Magic Nights<span class=\"wpel-icon wpel-image wpel-icon-6\"><\/span><\/a><\/strong><\/h3>\n<h5 style=\"text-align: center;\"><span style=\"font-weight: 400;\">21st March &#8211; 19th October 2025<\/span><\/h5>\n<p><iframe loading=\"lazy\" title=\"YouTube video player\" src=\"https:\/\/www.youtube.com\/embed\/A8mBVZ2Gw4g?si=Jr-buxY7AbCMq_Tm\" width=\"560\" height=\"315\" frameborder=\"0\" allowfullscreen=\"allowfullscreen\"><\/iframe><\/p>\n<h4 style=\"text-align: center;\">Experience the magic of Barcelona this summer! Enjoy live music under the stars with nightly rooftop concerts featuring jazz, soul, blues, flamenco and rumba in a unique open-air setting. Before the music begins, immerse yourself in the world of Gaud\u00ed at this UNESCO World Heritage Site, exploring the innovative Gaud\u00ed D\u00f4me and Gaud\u00ed Cube from 8pm. Don&#8217;t miss this unforgettable blend of culture and captivating performances \u2013 book your experience today!<\/h4>\n<h4 style=\"text-align: center;\">Stay nearby<\/h4>\n<div class=\"sdstaynearby\">\n<div class=\"sdcol2\"><a href=\"https:\/\/travelodge.es\/travelodge-barcelona-destiny\/travelodge-barcelona-fira-hotel\/?lang=en\" target=\"_blank\" rel=\"noopener noreferrer external\" data-wpel-link=\"external\"><br \/>\n<img decoding=\"async\" style=\"border-radius: 10px;\" src=\"https:\/\/media.travelodge.co.uk\/image\/upload\/v1675260555\/ecrm\/hotels-digi\/ES2012.jpg\" \/><br \/>\n<\/a><\/div>\n<div class=\"sdcol2 sdlast\" style=\"padding-bottom: 20px;\"><a href=\"https:\/\/travelodge.es\/travelodge-barcelona-destiny\/travelodge-barcelona-cornella-fira-hotel\/?lang=en\" target=\" rel=\" rel=\"noopener external noreferrer\" data-wpel-link=\"external\"><br \/>\n<img decoding=\"async\" style=\"border-radius: 10px;\" src=\"https:\/\/media.travelodge.co.uk\/image\/upload\/v1675260555\/ecrm\/hotels-digi\/ES2019.jpg\" \/><br \/>\n<\/a><\/div>\n<\/div>\n<div style=\"text-align: center;\"><a class=\"btn btn-blue wpel-icon-right\" href=\"https:\/\/travelodge.es\/travelodge-alicante-destiny\/?lang=en\" data-wpel-link=\"external\" rel=\"external noopener noreferrer\">Search deals<span class=\"wpel-icon wpel-image wpel-icon-6\"><\/span><\/a><\/div>\n<div><\/div>\n<hr \/>\n<h3><\/h3>\n<h3 style=\"text-align: center;\"><strong><a href=\"https:\/\/www.andaluciamia.com\/en\/malaga-feria-wonderful-festival-in-august\/\" target=\"_blank\" rel=\"noopener external noreferrer\" data-wpel-link=\"external\" class=\"wpel-icon-right\">Feria de M\u00e1laga<span class=\"wpel-icon wpel-image wpel-icon-6\"><\/span><\/a><\/strong><\/h3>\n<h5 style=\"text-align: center;\"><span style=\"font-weight: 400;\">16th &#8211; 23rd August 2025<\/span><\/h5>\n<h4 style=\"text-align: center;\"><img loading=\"lazy\" decoding=\"async\" width=\"598\" height=\"422\" class=\"size-full wp-image-40658 aligncenter\" src=\"https:\/\/travelodgeblog.wpengine.com\/wp-content\/uploads\/2025\/04\/Feria-de-Malaga.jpg\" alt=\"Feria de M\u00e1laga\" srcset=\"https:\/\/travelodgeblog.wpengine.com\/wp-content\/uploads\/2025\/04\/Feria-de-Malaga.jpg 598w, https:\/\/travelodgeblog.wpengine.com\/wp-content\/uploads\/2025\/04\/Feria-de-Malaga-250x176.jpg 250w, https:\/\/travelodgeblog.wpengine.com\/wp-content\/uploads\/2025\/04\/Feria-de-Malaga-120x85.jpg 120w, https:\/\/travelodgeblog.wpengine.com\/wp-content\/uploads\/2025\/04\/Feria-de-Malaga-480x339.jpg 480w\" sizes=\"auto, (max-width: 598px) 100vw, 598px\" \/>This is one of the biggest and most vibrant summer festivals in Spain! For just over a week in August, the city transforms into a non-stop party with daytime celebrations in the city center, featuring traditional music, dancing and sweet wine, and nighttime festivities at the Cortijo de Torres fairgrounds with fairground rides, casetas (tents with food, drink and music), and spectacular fireworks.<\/h4>\n<h4 style=\"text-align: center;\">Stay nearby<\/h4>\n<div class=\"sdstaynearby\">\n<div class=\"sdcol2\"><a href=\"https:\/\/travelodge.es\/travelogde-malaga-destiny\/travelodge-malaga-airport-hotel\/?lang=en\" target=\"_blank\" rel=\"noopener noreferrer external\" data-wpel-link=\"external\"><br \/>\n<img decoding=\"async\" style=\"border-radius: 10px;\" src=\"https:\/\/media.travelodge.co.uk\/image\/upload\/v1675260555\/ecrm\/hotels-digi\/ES2021.jpg\" \/><br \/>\n<\/a><\/div>\n<div class=\"sdcol2 sdlast\" style=\"padding-bottom: 20px;\"><a href=\"www.travelodge.es\/travelodge-murcia-destiny\/hotel-travelodge-murcia\/?lang=en\" target=\" rel=\" rel=\"noopener\" data-wpel-link=\"internal\"><br \/>\n<img decoding=\"async\" style=\"border-radius: 10px;\" src=\"https:\/\/media.travelodge.co.uk\/image\/upload\/v1675260555\/ecrm\/hotels-digi\/ES2022.jpg\" \/><br \/>\n<\/a><\/div>\n<\/div>\n<div style=\"text-align: center;\"><a class=\"btn btn-blue wpel-icon-right\" href=\"https:\/\/travelodge.es\/travelodge-alicante-destiny\/?lang=en\" data-wpel-link=\"external\" rel=\"external noopener noreferrer\">Search deals<span class=\"wpel-icon wpel-image wpel-icon-6\"><\/span><\/a><\/div>\n<hr \/>\n<h3><\/h3>\n<h3 style=\"text-align: center;\"><strong><a href=\"https:\/\/veryvalencia.com\/events-valencia\/cultural-events\/161-july-festival\" target=\"_blank\" rel=\"noopener external noreferrer\" data-wpel-link=\"external\" class=\"wpel-icon-right\">Gran Fira de Val\u00e8ncia<span class=\"wpel-icon wpel-image wpel-icon-6\"><\/span><\/a><\/strong><\/h3>\n<h5 style=\"text-align: center;\"><span style=\"font-weight: 400;\">July 2025<\/span><\/h5>\n<p><iframe loading=\"lazy\" title=\"YouTube video player\" src=\"https:\/\/www.youtube.com\/embed\/CcZ1hDuwkZw?si=VdlrrxbvI9pebED4\" width=\"560\" height=\"315\" frameborder=\"0\" allowfullscreen=\"allowfullscreen\"><\/iframe><\/p>\n<h4 style=\"text-align: center;\">This traditional fair brings a month-long program of events to the city. Expect open-air concerts in the Viveros Gardens, fireworks displays, theatre performances, and a vibrant atmosphere throughout July. The &#8220;Nit de la Gran Nit&#8221; (Night of the Great Night) is usually a highlight with extended opening hours for museums and shops and special events across the city.<\/h4>\n<h4 style=\"text-align: center;\">Stay nearby<\/h4>\n<div class=\"sdstaynearby\">\n<div class=\"sdcol2\"><a href=\"https:\/\/travelodge.es\/travelodge-valencia-destiny\/travelodge-valencia-aeropuerto-hotel\/?lang=en\" target=\"_blank\" rel=\"noopener noreferrer external\" data-wpel-link=\"external\"><br \/>\n<img decoding=\"async\" style=\"border-radius: 10px;\" src=\"https:\/\/media.travelodge.co.uk\/image\/upload\/v1675260555\/ecrm\/hotels-digi\/ES2013.jpg\" \/><br \/>\n<\/a><\/div>\n<div class=\"sdcol2 sdlast\" style=\"padding-bottom: 20px;\"><a href=\"www.travelodge.es\/travelodge-alicante-destiny\/travelodge-alicante-puerto-hotel\/?lang=en\" target=\" rel=\" rel=\"noopener\" data-wpel-link=\"internal\"><br \/>\n<img decoding=\"async\" style=\"border-radius: 10px;\" src=\"https:\/\/media.travelodge.co.uk\/image\/upload\/v1675260555\/ecrm\/hotels-digi\/ES2017.jpg\" \/><br \/>\n<\/a><\/div>\n<\/div>\n<div style=\"text-align: center;\"><a class=\"btn btn-blue wpel-icon-right\" href=\"https:\/\/travelodge.es\/travelodge-alicante-destiny\/?lang=en\" data-wpel-link=\"external\" rel=\"external noopener noreferrer\">Search deals<span class=\"wpel-icon wpel-image wpel-icon-6\"><\/span><\/a><\/div>\n","protected":false},"excerpt":{"rendered":"Alright sunshine seekers and fiesta fanatics! Get ready to crank up the heat because Spain is officially turning up the summer vibes and guess what? Your favourite Spanish cities are about to explode with a sizzling lineup of events you absolutely cannot miss. Forget those lazy beach days (just for a bit!) because we&#8217;re diving [&hellip;]","protected":false},"author":116,"featured_media":40661,"comment_status":"closed","ping_status":"closed","sticky":false,"template":"","format":"standard","meta":{"footnotes":""},"categories":[1820],"tags":[855],"class_list":["post-40655","post","type-post","status-publish","format-standard","has-post-thumbnail","hentry","category-spain","tag-summer"],"_links":{"self":[{"href":"https:\/\/www.travelodge.co.uk\/blog\/wp-json\/wp\/v2\/posts\/40655","targetHints":{"allow":["GET"]}}],"collection":[{"href":"https:\/\/www.travelodge.co.uk\/blog\/wp-json\/wp\/v2\/posts"}],"about":[{"href":"https:\/\/www.travelodge.co.uk\/blog\/wp-json\/wp\/v2\/types\/post"}],"author":[{"embeddable":true,"href":"https:\/\/www.travelodge.co.uk\/blog\/wp-json\/wp\/v2\/users\/116"}],"replies":[{"embeddable":true,"href":"https:\/\/www.travelodge.co.uk\/blog\/wp-json\/wp\/v2\/comments?post=40655"}],"version-history":[{"count":0,"href":"https:\/\/www.travelodge.co.uk\/blog\/wp-json\/wp\/v2\/posts\/40655\/revisions"}],"wp:featuredmedia":[{"embeddable":true,"href":"https:\/\/www.travelodge.co.uk\/blog\/wp-json\/wp\/v2\/media\/40661"}],"wp:attachment":[{"href":"https:\/\/www.travelodge.co.uk\/blog\/wp-json\/wp\/v2\/media?parent=40655"}],"wp:term":[{"taxonomy":"category","embeddable":true,"href":"https:\/\/www.travelodge.co.uk\/blog\/wp-json\/wp\/v2\/categories?post=40655"},{"taxonomy":"post_tag","embeddable":true,"href":"https:\/\/www.travelodge.co.uk\/blog\/wp-json\/wp\/v2\/tags?post=40655"}],"curies":[{"name":"wp","href":"https:\/\/api.w.org\/{rel}","templated":true}]}}